{"id":1206,"date":"2026-08-19T03:30:34","date_gmt":"2026-08-19T03:30:34","guid":{"rendered":"https:\/\/boxeodenocautinforma.com\/index.php\/2026\/08\/19\/rey-picasso-y-derek-juarez-encabezan-una-noche-de-nuevas-historias-en-the-jab-experience\/"},"modified":"2026-08-19T03:36:18","modified_gmt":"2026-08-19T03:36:18","slug":"rey-picasso-y-derek-juarez-encabezan-una-noche-de-nuevas-historias-en-the-jab-experience","status":"publish","type":"post","link":"https:\/\/boxeodenocautinforma.com\/index.php\/2026\/08\/19\/rey-picasso-y-derek-juarez-encabezan-una-noche-de-nuevas-historias-en-the-jab-experience\/","title":{"rendered":"Rey Picasso y Derek Ju\u00e1rez encabezan una noche de nuevas historias en The Jab Experience"},"content":{"rendered":"\n<p class=\"p3 wp-block-paragraph\">El boxeo mexicano se prepara para una noche que promete combinar tradici\u00f3n, nuevos talentos y grandes desaf\u00edos. El pr\u00f3ximo <strong>29 de agosto<\/strong>, la <strong>Sala Urbana<\/strong> ser\u00e1 escenario de la primera edici\u00f3n de <strong>The Jab Experience<\/strong>, una funci\u00f3n que tendr\u00e1 como principal protagonista a Alan David \u201cRey\u201d Picasso, adem\u00e1s del esperado debut profesional de Derek \u201cStarboy\u201d Ju\u00e1rez.<\/p>\n\n\n\n<p class=\"p3 wp-block-paragraph\">Picasso volver\u00e1 a la actividad para disputar el <strong>campeonato Silver WBC de peso pluma<\/strong> frente al colombiano <strong>Maicol Rinc\u00f3n<\/strong>, en una pelea que representar\u00e1 mucho m\u00e1s que una nueva oportunidad titular. Ser\u00e1 el primer compromiso del \u201cRey\u201d bajo la direcci\u00f3n de <strong>Eddy Reynoso<\/strong>, dentro del equipo de trabajo del Canelo Team.<\/p>\n\n\n\n<p class=\"p3 wp-block-paragraph\">Con este nuevo cap\u00edtulo en su carrera, Picasso buscar\u00e1 imponer condiciones en las 126 libras y comenzar a construir el camino que lo lleve nuevamente a las grandes peleas de la divisi\u00f3n.<\/p>\n\n\n\n<figure class=\"wp-block-image size-large\"><img loading=\"lazy\" decoding=\"async\" width=\"1024\" height=\"593\" src=\"https:\/\/boxeodenocautinforma.com\/wp-content\/uploads\/2026\/08\/3fcd59f8-3344-4d32-a36b-0fd0c9dd479b-1024x593.jpg\" alt=\"\" class=\"wp-image-1208\" srcset=\"https:\/\/boxeodenocautinforma.com\/wp-content\/uploads\/2026\/08\/3fcd59f8-3344-4d32-a36b-0fd0c9dd479b-1024x593.jpg 1024w, https:\/\/boxeodenocautinforma.com\/wp-content\/uploads\/2026\/08\/3fcd59f8-3344-4d32-a36b-0fd0c9dd479b-300x174.jpg 300w, https:\/\/boxeodenocautinforma.com\/wp-content\/uploads\/2026\/08\/3fcd59f8-3344-4d32-a36b-0fd0c9dd479b-768x445.jpg 768w, https:\/\/boxeodenocautinforma.com\/wp-content\/uploads\/2026\/08\/3fcd59f8-3344-4d32-a36b-0fd0c9dd479b-1536x889.jpg 1536w, https:\/\/boxeodenocautinforma.com\/wp-content\/uploads\/2026\/08\/3fcd59f8-3344-4d32-a36b-0fd0c9dd479b.jpg 2000w\" sizes=\"auto, (max-width: 1024px) 100vw, 1024px\" \/><\/figure>\n\n\n\n<p class=\"p3 wp-block-paragraph\">Pero la cartelera tendr\u00e1 otro momento especial con la presentaci\u00f3n de <strong>Derek \u201cStarboy\u201d Ju\u00e1rez<\/strong>, sobrino de la legendaria Mariana \u201cBarby\u201d Ju\u00e1rez. El joven pugilista har\u00e1 su debut profesional decidido a comenzar su propio recorrido y a llevar el apellido Ju\u00e1rez a una nueva generaci\u00f3n del boxeo.<\/p>\n\n\n\n<figure class=\"wp-block-image size-large\"><img loading=\"lazy\" decoding=\"async\" width=\"1024\" height=\"961\" src=\"https:\/\/boxeodenocautinforma.com\/wp-content\/uploads\/2026\/08\/7a904430-91c4-4255-97d0-431a7b44f898-1024x961.jpg\" alt=\"\" class=\"wp-image-1209\" srcset=\"https:\/\/boxeodenocautinforma.com\/wp-content\/uploads\/2026\/08\/7a904430-91c4-4255-97d0-431a7b44f898-1024x961.jpg 1024w, https:\/\/boxeodenocautinforma.com\/wp-content\/uploads\/2026\/08\/7a904430-91c4-4255-97d0-431a7b44f898-300x281.jpg 300w, https:\/\/boxeodenocautinforma.com\/wp-content\/uploads\/2026\/08\/7a904430-91c4-4255-97d0-431a7b44f898-768x720.jpg 768w, https:\/\/boxeodenocautinforma.com\/wp-content\/uploads\/2026\/08\/7a904430-91c4-4255-97d0-431a7b44f898-1536x1441.jpg 1536w, https:\/\/boxeodenocautinforma.com\/wp-content\/uploads\/2026\/08\/7a904430-91c4-4255-97d0-431a7b44f898.jpg 2000w\" sizes=\"auto, (max-width: 1024px) 100vw, 1024px\" \/><\/figure>\n\n\n\n<p class=\"p3 wp-block-paragraph\">La funci\u00f3n tambi\u00e9n tendr\u00e1 dos campeonatos m\u00e1s en juego. <strong>Jaky Calvo<\/strong> enfrentar\u00e1 a <strong>Sol Vargas<\/strong> por el t\u00edtulo Silver WBC de peso supermosca, mientras que <strong>Juli\u00e1n M\u00e9ndez<\/strong> chocar\u00e1 con <strong>Rams\u00e9s \u201cEl Tanque\u201d Gonz\u00e1lez<\/strong> por el campeonato Regional FECOMBOX WBC de peso medio.<\/p>\n\n\n\n<p class=\"p3 wp-block-paragraph\">A la propuesta deportiva se sumar\u00e1 el entretenimiento, con las actuaciones musicales de <strong>Alan Arrieta y Big Sempa<\/strong>, adem\u00e1s de la conducci\u00f3n de <strong>Kim Shantal<\/strong>, convirtiendo la funci\u00f3n en una experiencia que busca ir m\u00e1s all\u00e1 del tradicional espect\u00e1culo box\u00edstico.<\/p>\n\n\n\n<p class=\"p3 wp-block-paragraph\">Con Picasso estrenando nueva esquina, un campeonato en juego y el nacimiento de una nueva promesa profesional, <strong>The Jab Experience<\/strong> apunta a convertirse en una de las funciones m\u00e1s atractivas del calendario box\u00edstico mexicano de este verano.<\/p>\n\n\n\n<p class=\"p4 wp-block-paragraph\">Los boletos ya est\u00e1n disponibles a trav\u00e9s de <strong>Arema.mx<\/strong> y en las sucursales de <strong>The Jab<\/strong>.<\/p>\n\n\n\n<figure class=\"wp-block-image size-large\"><img loading=\"lazy\" decoding=\"async\" width=\"1024\" height=\"575\" src=\"https:\/\/boxeodenocautinforma.com\/wp-content\/uploads\/2026\/08\/15c2c8fe-e9b4-48e5-97b5-938542199aa2-1024x575.jpg\" alt=\"\" class=\"wp-image-1210\" srcset=\"https:\/\/boxeodenocautinforma.com\/wp-content\/uploads\/2026\/08\/15c2c8fe-e9b4-48e5-97b5-938542199aa2-1024x575.jpg 1024w, https:\/\/boxeodenocautinforma.com\/wp-content\/uploads\/2026\/08\/15c2c8fe-e9b4-48e5-97b5-938542199aa2-300x168.jpg 300w, https:\/\/boxeodenocautinforma.com\/wp-content\/uploads\/2026\/08\/15c2c8fe-e9b4-48e5-97b5-938542199aa2-768x431.jpg 768w, https:\/\/boxeodenocautinforma.com\/wp-content\/uploads\/2026\/08\/15c2c8fe-e9b4-48e5-97b5-938542199aa2-1536x862.jpg 1536w, https:\/\/boxeodenocautinforma.com\/wp-content\/uploads\/2026\/08\/15c2c8fe-e9b4-48e5-97b5-938542199aa2.jpg 2000w\" sizes=\"auto, (max-width: 1024px) 100vw, 1024px\" \/><\/figure>\n","protected":false},"excerpt":{"rendered":"<p>El boxeo mexicano se prepara para una noche que promete combinar tradici\u00f3n, nuevos talentos y grandes desaf\u00edos. El<\/p>\n","protected":false},"author":1,"featured_media":1207,"comment_status":"open","ping_status":"closed","sticky":false,"template":"","format":"standard","meta":{"_jetpack_newsletter_access":"","_jetpack_dont_email_post_to_subs":false,"_jetpack_newsletter_tier_id":0,"_jetpack_memberships_contains_paywalled_content":false,"_jetpack_feature_clip_id":0,"_jetpack_memberships_contains_paid_content":false,"footnotes":"","jetpack_post_was_ever_published":false},"categories":[2],"tags":[17],"class_list":["post-1206","post","type-post","status-publish","format-standard","has-post-thumbnail","hentry","category-boxeo","tag-boxeo"],"jetpack_featured_media_url":"https:\/\/boxeodenocautinforma.com\/wp-content\/uploads\/2026\/08\/3eb0c85e-e510-41f8-8a86-fa7c18a0672a.jpg","jetpack_sharing_enabled":true,"_links":{"self":[{"href":"https:\/\/boxeodenocautinforma.com\/index.php\/wp-json\/wp\/v2\/posts\/1206","targetHints":{"allow":["GET"]}}],"collection":[{"href":"https:\/\/boxeodenocautinforma.com\/index.php\/wp-json\/wp\/v2\/posts"}],"about":[{"href":"https:\/\/boxeodenocautinforma.com\/index.php\/wp-json\/wp\/v2\/types\/post"}],"author":[{"embeddable":true,"href":"https:\/\/boxeodenocautinforma.com\/index.php\/wp-json\/wp\/v2\/users\/1"}],"replies":[{"embeddable":true,"href":"https:\/\/boxeodenocautinforma.com\/index.php\/wp-json\/wp\/v2\/comments?post=1206"}],"version-history":[{"count":2,"href":"https:\/\/boxeodenocautinforma.com\/index.php\/wp-json\/wp\/v2\/posts\/1206\/revisions"}],"predecessor-version":[{"id":1212,"href":"https:\/\/boxeodenocautinforma.com\/index.php\/wp-json\/wp\/v2\/posts\/1206\/revisions\/1212"}],"wp:featuredmedia":[{"embeddable":true,"href":"https:\/\/boxeodenocautinforma.com\/index.php\/wp-json\/wp\/v2\/media\/1207"}],"wp:attachment":[{"href":"https:\/\/boxeodenocautinforma.com\/index.php\/wp-json\/wp\/v2\/media?parent=1206"}],"wp:term":[{"taxonomy":"category","embeddable":true,"href":"https:\/\/boxeodenocautinforma.com\/index.php\/wp-json\/wp\/v2\/categories?post=1206"},{"taxonomy":"post_tag","embeddable":true,"href":"https:\/\/boxeodenocautinforma.com\/index.php\/wp-json\/wp\/v2\/tags?post=1206"}],"curies":[{"name":"wp","href":"https:\/\/api.w.org\/{rel}","templated":true}]}}